{"id":604,"date":"2007-02-23T06:59:47","date_gmt":"2007-02-23T05:59:47","guid":{"rendered":"http:\/\/volker-schering.de\/weblog\/index.php\/2007\/02\/23\/telekom-loescht-verbindungsdaten-nach-1-woche\/"},"modified":"2007-02-25T10:22:22","modified_gmt":"2007-02-25T09:22:22","slug":"telekom-loescht-verbindungsdaten-nach-1-woche","status":"publish","type":"post","link":"https:\/\/volker-schering.de\/weblog\/2007\/02\/23\/telekom-loescht-verbindungsdaten-nach-1-woche\/","title":{"rendered":"Telekom l\u00f6scht Verbindungsdaten nach 1 Woche"},"content":{"rendered":"<p>Das ist doch mal eine gute Nachricht \ud83d\ude42<\/p>\n<blockquote><p>Die Telekom speichert die IP-Adressen von DSL-Nutzern mit Flatrate-Vertr\u00e4gen in Zukunft nur noch f\u00fcr sieben Tage. Von dieser Praxis sind auch alle Kunden betroffen, die ihren DSL-Zugang von Telekom-Weiterverk\u00e4ufern bekommen. Klagen gegen Tauschb\u00f6rsen-Nutzer d\u00fcrften damit in Zukunft deutlich schwieriger werden.<\/p><\/blockquote>\n<p><a href=\"http:\/\/www.netzwelt.de\/news\/75213-telekom-loescht-verbindungsdaten-nach-einer.html\">via<\/a><\/p>\n","protected":false},"excerpt":{"rendered":"<p>Das ist doch mal eine gute Nachricht \ud83d\ude42 Die Telekom speichert die IP-Adressen von DSL-Nutzern mit Flatrate-Vertr\u00e4gen in Zukunft nur<\/p>\n","protected":false},"author":2,"featured_media":0,"comment_status":"open","ping_status":"open","sticky":false,"template":"","format":"standard","meta":{"wikipediapreview_detectlinks":true,"_jetpack_memberships_contains_paid_content":false,"footnotes":""},"categories":[1],"tags":[],"class_list":["post-604","post","type-post","status-publish","format-standard","hentry","category-allgemein"],"jetpack_featured_media_url":"","jetpack_sharing_enabled":true,"_links":{"self":[{"href":"https:\/\/volker-schering.de\/weblog\/wp-json\/wp\/v2\/posts\/604","targetHints":{"allow":["GET"]}}],"collection":[{"href":"https:\/\/volker-schering.de\/weblog\/wp-json\/wp\/v2\/posts"}],"about":[{"href":"https:\/\/volker-schering.de\/weblog\/wp-json\/wp\/v2\/types\/post"}],"author":[{"embeddable":true,"href":"https:\/\/volker-schering.de\/weblog\/wp-json\/wp\/v2\/users\/2"}],"replies":[{"embeddable":true,"href":"https:\/\/volker-schering.de\/weblog\/wp-json\/wp\/v2\/comments?post=604"}],"version-history":[{"count":0,"href":"https:\/\/volker-schering.de\/weblog\/wp-json\/wp\/v2\/posts\/604\/revisions"}],"wp:attachment":[{"href":"https:\/\/volker-schering.de\/weblog\/wp-json\/wp\/v2\/media?parent=604"}],"wp:term":[{"taxonomy":"category","embeddable":true,"href":"https:\/\/volker-schering.de\/weblog\/wp-json\/wp\/v2\/categories?post=604"},{"taxonomy":"post_tag","embeddable":true,"href":"https:\/\/volker-schering.de\/weblog\/wp-json\/wp\/v2\/tags?post=604"}],"curies":[{"name":"wp","href":"https:\/\/api.w.org\/{rel}","templated":true}]}}