{"id":559,"date":"2006-12-09T14:26:15","date_gmt":"2006-12-09T13:26:15","guid":{"rendered":"http:\/\/volker-schering.de\/weblog\/index.php\/2006\/12\/09\/bueroschimpfwort-des-tages\/"},"modified":"2006-12-09T14:26:15","modified_gmt":"2006-12-09T13:26:15","slug":"bueroschimpfwort-des-tages","status":"publish","type":"post","link":"https:\/\/volker-schering.de\/weblog\/2006\/12\/09\/bueroschimpfwort-des-tages\/","title":{"rendered":"B\u00fcroschimpfwort des Tages"},"content":{"rendered":"<p>B\u00fcroschimpfwort des Tages: Beamtenschreck &#8211; Bewegungsmelder in B\u00fcros.<\/p>\n","protected":false},"excerpt":{"rendered":"<p>B\u00fcroschimpfwort des Tages: Beamtenschreck &#8211; Bewegungsmelder in B\u00fcros.<\/p>\n","protected":false},"author":2,"featured_media":0,"comment_status":"open","ping_status":"open","sticky":false,"template":"","format":"standard","meta":{"wikipediapreview_detectlinks":true,"_jetpack_memberships_contains_paid_content":false,"footnotes":""},"categories":[1],"tags":[],"class_list":["post-559","post","type-post","status-publish","format-standard","hentry","category-allgemein"],"jetpack_featured_media_url":"","jetpack_sharing_enabled":true,"_links":{"self":[{"href":"https:\/\/volker-schering.de\/weblog\/wp-json\/wp\/v2\/posts\/559","targetHints":{"allow":["GET"]}}],"collection":[{"href":"https:\/\/volker-schering.de\/weblog\/wp-json\/wp\/v2\/posts"}],"about":[{"href":"https:\/\/volker-schering.de\/weblog\/wp-json\/wp\/v2\/types\/post"}],"author":[{"embeddable":true,"href":"https:\/\/volker-schering.de\/weblog\/wp-json\/wp\/v2\/users\/2"}],"replies":[{"embeddable":true,"href":"https:\/\/volker-schering.de\/weblog\/wp-json\/wp\/v2\/comments?post=559"}],"version-history":[{"count":0,"href":"https:\/\/volker-schering.de\/weblog\/wp-json\/wp\/v2\/posts\/559\/revisions"}],"wp:attachment":[{"href":"https:\/\/volker-schering.de\/weblog\/wp-json\/wp\/v2\/media?parent=559"}],"wp:term":[{"taxonomy":"category","embeddable":true,"href":"https:\/\/volker-schering.de\/weblog\/wp-json\/wp\/v2\/categories?post=559"},{"taxonomy":"post_tag","embeddable":true,"href":"https:\/\/volker-schering.de\/weblog\/wp-json\/wp\/v2\/tags?post=559"}],"curies":[{"name":"wp","href":"https:\/\/api.w.org\/{rel}","templated":true}]}}