{"id":2072,"date":"2011-02-19T20:32:25","date_gmt":"2011-02-19T20:32:25","guid":{"rendered":"http:\/\/volker-schering.de\/weblog\/?p=2072"},"modified":"2011-03-21T12:51:07","modified_gmt":"2011-03-21T12:51:07","slug":"auswarts","status":"publish","type":"post","link":"https:\/\/volker-schering.de\/weblog\/2011\/02\/19\/auswarts\/","title":{"rendered":"Ausw\u00e4rts"},"content":{"rendered":"<p>&#8230; in Jena im <a href=\"http:\/\/de.wikipedia.org\/wiki\/Ernst-Abbe-Sportfeld\">Ernst-Abbe-Sportfeld<\/a>. Verdient 1:0 verloren \ud83d\ude41<\/p>\n<figure id=\"attachment_2073\" aria-describedby=\"caption-attachment-2073\" style=\"width: 450px\" class=\"wp-caption aligncenter\"><a href=\"http:\/\/volker-schering.de\/weblog\/wp-content\/uploads\/2011\/02\/IMG_1000000920.jpg\"><img loading=\"lazy\" decoding=\"async\" class=\"size-thumbnail wp-image-800 \" title=\"IMG_1000000920\" src=\"http:\/\/volker-schering.de\/weblog\/wp-content\/uploads\/2011\/02\/IMG_1000000920-450x450.jpg\" alt=\"\" width=\"450\" height=\"450\" \/><\/a><figcaption id=\"caption-attachment-2073\" class=\"wp-caption-text\">Ernst-Abbe-Sportfeld<\/figcaption><\/figure>\n<p>Nat\u00fcrlich waren wir als G\u00e4ste in der S\u00fcdkurve, aber im Block N &#8211; den der\u00a0<a href=\"http:\/\/fotopage.horda-azzuro.de\/\">Jenaer Ultras<\/a> \ud83d\ude00<\/p>\n<p style=\"text-align: center;\"><a href=\"http:\/\/volker-schering.de\/weblog\/wp-content\/uploads\/2011\/02\/IMG_1000000919.jpg\"><img loading=\"lazy\" decoding=\"async\" class=\"aligncenter size-thumbnail wp-image-800\" title=\"IMG_1000000919\" src=\"http:\/\/volker-schering.de\/weblog\/wp-content\/uploads\/2011\/02\/IMG_1000000919-450x450.jpg\" alt=\"\" width=\"450\" height=\"450\" \/><\/a><\/p>\n<p>Was bleibt ist die Erinnerung an <s>kalte F\u00fc\u00dfe<\/s>\u00a0eiskalte Temperaturen und leckere Rostbratwurst, das St\u00fcck f\u00fcr 1,90 \u20ac !! \ud83d\ude00<\/p>\n","protected":false},"excerpt":{"rendered":"<p>&#8230; in Jena im Ernst-Abbe-Sportfeld. Verdient 1:0 verloren \ud83d\ude41 Nat\u00fcrlich waren wir als G\u00e4ste in der S\u00fcdkurve, aber im Block<\/p>\n","protected":false},"author":2,"featured_media":800,"comment_status":"open","ping_status":"open","sticky":false,"template":"","format":"standard","meta":{"wikipediapreview_detectlinks":true,"_jetpack_memberships_contains_paid_content":false,"footnotes":""},"categories":[1],"tags":[49,65,66],"class_list":["post-2072","post","type-post","status-publish","format-standard","has-post-thumbnail","hentry","category-allgemein","tag-fussball","tag-wehen","tag-wiesbaden"],"jetpack_featured_media_url":"","jetpack_sharing_enabled":true,"_links":{"self":[{"href":"https:\/\/volker-schering.de\/weblog\/wp-json\/wp\/v2\/posts\/2072","targetHints":{"allow":["GET"]}}],"collection":[{"href":"https:\/\/volker-schering.de\/weblog\/wp-json\/wp\/v2\/posts"}],"about":[{"href":"https:\/\/volker-schering.de\/weblog\/wp-json\/wp\/v2\/types\/post"}],"author":[{"embeddable":true,"href":"https:\/\/volker-schering.de\/weblog\/wp-json\/wp\/v2\/users\/2"}],"replies":[{"embeddable":true,"href":"https:\/\/volker-schering.de\/weblog\/wp-json\/wp\/v2\/comments?post=2072"}],"version-history":[{"count":0,"href":"https:\/\/volker-schering.de\/weblog\/wp-json\/wp\/v2\/posts\/2072\/revisions"}],"wp:featuredmedia":[{"embeddable":true,"href":"https:\/\/volker-schering.de\/weblog\/wp-json\/wp\/v2\/posts\/800"}],"wp:attachment":[{"href":"https:\/\/volker-schering.de\/weblog\/wp-json\/wp\/v2\/media?parent=2072"}],"wp:term":[{"taxonomy":"category","embeddable":true,"href":"https:\/\/volker-schering.de\/weblog\/wp-json\/wp\/v2\/categories?post=2072"},{"taxonomy":"post_tag","embeddable":true,"href":"https:\/\/volker-schering.de\/weblog\/wp-json\/wp\/v2\/tags?post=2072"}],"curies":[{"name":"wp","href":"https:\/\/api.w.org\/{rel}","templated":true}]}}