{"id":2070,"date":"2011-02-19T08:50:33","date_gmt":"2011-02-19T07:50:33","guid":{"rendered":"http:\/\/volker-schering.de\/weblog\/2011\/02\/19\/selbstverpflichtung\/"},"modified":"2011-02-19T08:52:54","modified_gmt":"2011-02-19T07:52:54","slug":"selbstverpflichtung","status":"publish","type":"post","link":"https:\/\/volker-schering.de\/weblog\/2011\/02\/19\/selbstverpflichtung\/","title":{"rendered":"Selbstverpflichtung"},"content":{"rendered":"<blockquote><p>Bundesverkehrsminister Peter Ramsauer (CSU) sagte der Agentur Reuters, das 34 000 Kilometer umfassende Schienennetz solle nicht von dem Staatskonzern abgespalten werden, auch die Gewinne, die bis 2015 auf 1,2 Milliarden Euro taxiert werden, sollten im Konzern bleiben. Im Gespr\u00e4ch sei nun eine Selbstverpflichtung der Bahn, der zufolge sie zusagt, mehr Geld als bisher in Gleise und Bahnh\u00f6fe zu stecken, hie\u00df es am Donnerstag aus Ramsauers Ministerium<\/p><\/blockquote>\n<p><a href=\"http:\/\/www.tagesspiegel.de\/wirtschaft\/ramsauer-beugt-sich-der-bahn\/3857000.html\">via<\/a><\/p>\n<p>Eine Selbstverpflichtung, hat sowas jemals funktioniert? Nein! Die genannten Gewinne werden wohl wieder in verr\u00fcckten Gro\u00dfprojekten wie Stuttgart21 vergraben oder in irgendwelchen ausl\u00e4ndischen <s> Konkurrenten <\/s> Firmen versenkt. <\/p>\n","protected":false},"excerpt":{"rendered":"<p>Bundesverkehrsminister Peter Ramsauer (CSU) sagte der Agentur Reuters, das 34 000 Kilometer umfassende Schienennetz solle nicht von dem Staatskonzern abgespalten<\/p>\n","protected":false},"author":2,"featured_media":0,"comment_status":"open","ping_status":"open","sticky":false,"template":"","format":"standard","meta":{"wikipediapreview_detectlinks":true,"_jetpack_memberships_contains_paid_content":false,"footnotes":""},"categories":[1],"tags":[],"class_list":["post-2070","post","type-post","status-publish","format-standard","hentry","category-allgemein"],"jetpack_featured_media_url":"","jetpack_sharing_enabled":true,"_links":{"self":[{"href":"https:\/\/volker-schering.de\/weblog\/wp-json\/wp\/v2\/posts\/2070","targetHints":{"allow":["GET"]}}],"collection":[{"href":"https:\/\/volker-schering.de\/weblog\/wp-json\/wp\/v2\/posts"}],"about":[{"href":"https:\/\/volker-schering.de\/weblog\/wp-json\/wp\/v2\/types\/post"}],"author":[{"embeddable":true,"href":"https:\/\/volker-schering.de\/weblog\/wp-json\/wp\/v2\/users\/2"}],"replies":[{"embeddable":true,"href":"https:\/\/volker-schering.de\/weblog\/wp-json\/wp\/v2\/comments?post=2070"}],"version-history":[{"count":0,"href":"https:\/\/volker-schering.de\/weblog\/wp-json\/wp\/v2\/posts\/2070\/revisions"}],"wp:attachment":[{"href":"https:\/\/volker-schering.de\/weblog\/wp-json\/wp\/v2\/media?parent=2070"}],"wp:term":[{"taxonomy":"category","embeddable":true,"href":"https:\/\/volker-schering.de\/weblog\/wp-json\/wp\/v2\/categories?post=2070"},{"taxonomy":"post_tag","embeddable":true,"href":"https:\/\/volker-schering.de\/weblog\/wp-json\/wp\/v2\/tags?post=2070"}],"curies":[{"name":"wp","href":"https:\/\/api.w.org\/{rel}","templated":true}]}}