{"id":13592,"date":"2024-10-19T12:04:00","date_gmt":"2024-10-19T10:04:00","guid":{"rendered":"https:\/\/volker-schering.de\/weblog\/?p=13592"},"modified":"2024-10-20T08:17:49","modified_gmt":"2024-10-20T06:17:49","slug":"advocados","status":"publish","type":"post","link":"https:\/\/volker-schering.de\/weblog\/2024\/10\/19\/advocados\/","title":{"rendered":"Advocados"},"content":{"rendered":"\n<p>Ein Kombizettel, f\u00fcr den Supermarkt und Apotheke, die praktischerweise im gleichen Geb\u00e4ude zu Hause ist. <br>Auff\u00e4llig finde ich hier das nicht \u00fcberall Umlaute benutzt werden &#8211; in M\u00fclls\u00e4cke oder K\u00e4se zum Beispiel, aber das Oel muss ohne Strichelchen auskommen. <\/p>\n\n\n\n<figure class=\"wp-block-gallery has-nested-images columns-default is-cropped wp-block-gallery-1 is-layout-flex wp-block-gallery-is-layout-flex\">\n<figure class=\"wp-block-image size-large\"><img loading=\"lazy\" decoding=\"async\" width=\"460\" height=\"640\" data-id=\"13593\" src=\"https:\/\/volker-schering.de\/weblog\/wp-content\/uploads\/2024\/10\/IMG_3822.png\" alt=\"\" class=\"wp-image-13593\" srcset=\"https:\/\/volker-schering.de\/weblog\/wp-content\/uploads\/2024\/10\/IMG_3822.png 460w, https:\/\/volker-schering.de\/weblog\/wp-content\/uploads\/2024\/10\/IMG_3822-323x450.png 323w\" sizes=\"auto, (max-width: 460px) 100vw, 460px\" \/><\/figure>\n<\/figure>\n\n\n\n<pre class=\"wp-block-preformatted\">20. Oktober 2024: Wiesbaden, HIT Markt, Hasengartenstra\u00dfe<\/pre>\n","protected":false},"excerpt":{"rendered":"<p>Ein Kombizettel, f\u00fcr den Supermarkt und Apotheke, die praktischerweise im gleichen Geb\u00e4ude zu Hause ist. Auff\u00e4llig finde ich hier das<\/p>\n","protected":false},"author":2,"featured_media":13593,"comment_status":"open","ping_status":"open","sticky":false,"template":"","format":"standard","meta":{"wikipediapreview_detectlinks":true,"_jetpack_memberships_contains_paid_content":false,"footnotes":""},"categories":[822],"tags":[823,967,66],"class_list":["post-13592","post","type-post","status-publish","format-standard","has-post-thumbnail","hentry","category-einkaufszettel","tag-einkaufszettel","tag-markt-und-apotheke","tag-wiesbaden"],"jetpack_featured_media_url":"https:\/\/volker-schering.de\/weblog\/wp-content\/uploads\/2024\/10\/IMG_3822.png","jetpack_sharing_enabled":true,"_links":{"self":[{"href":"https:\/\/volker-schering.de\/weblog\/wp-json\/wp\/v2\/posts\/13592","targetHints":{"allow":["GET"]}}],"collection":[{"href":"https:\/\/volker-schering.de\/weblog\/wp-json\/wp\/v2\/posts"}],"about":[{"href":"https:\/\/volker-schering.de\/weblog\/wp-json\/wp\/v2\/types\/post"}],"author":[{"embeddable":true,"href":"https:\/\/volker-schering.de\/weblog\/wp-json\/wp\/v2\/users\/2"}],"replies":[{"embeddable":true,"href":"https:\/\/volker-schering.de\/weblog\/wp-json\/wp\/v2\/comments?post=13592"}],"version-history":[{"count":0,"href":"https:\/\/volker-schering.de\/weblog\/wp-json\/wp\/v2\/posts\/13592\/revisions"}],"wp:featuredmedia":[{"embeddable":true,"href":"https:\/\/volker-schering.de\/weblog\/wp-json\/wp\/v2\/media\/13593"}],"wp:attachment":[{"href":"https:\/\/volker-schering.de\/weblog\/wp-json\/wp\/v2\/media?parent=13592"}],"wp:term":[{"taxonomy":"category","embeddable":true,"href":"https:\/\/volker-schering.de\/weblog\/wp-json\/wp\/v2\/categories?post=13592"},{"taxonomy":"post_tag","embeddable":true,"href":"https:\/\/volker-schering.de\/weblog\/wp-json\/wp\/v2\/tags?post=13592"}],"curies":[{"name":"wp","href":"https:\/\/api.w.org\/{rel}","templated":true}]}}